{"id":188,"date":"2012-12-20T10:10:53","date_gmt":"2012-12-20T10:10:53","guid":{"rendered":"http:\/\/projekty.osu.cz\/mistapameti\/?p=188"},"modified":"2012-12-20T11:25:13","modified_gmt":"2012-12-20T11:25:13","slug":"v-ostrave-se-uskutecnila-vernisaz-vystavy","status":"publish","type":"post","link":"https:\/\/mistapameti.osu.cz\/?p=188","title":{"rendered":"V Ostrav\u011b se uskute\u010dnila vernis\u00e1\u017e v\u00fdstavy"},"content":{"rendered":"<p>V prostoru M\u011bstsk\u00e9 knihovny u mostu Milo\u0161e S\u00fdkory se dne 26. listopadu konala vernis\u00e1\u017e v\u00fdstavy spojen\u00e1 s k\u0159tem kn\u00ed\u017eky pojend\u00e1vaj\u00edc\u00ed o n\u00e1zvoslov\u00ed Ostravy. Vernis\u00e1\u017ee se z\u00fa\u010dastnil prod\u011bkan Filozofick\u00e9 fakulty Ostravsk\u00e9 univerzity doc. Jan Malura, v\u00edtkovick\u00e1 kronik\u00e1\u0159ka p. Ko\u010d\u00ed\u0159ov\u00e1 a n\u011bkolik des\u00edtek dal\u0161\u00edch n\u00e1v\u0161t\u011bvn\u00edk\u016f a z\u00e1jemc\u016f o p\u0159\u00edb\u011bhy, kter\u00e9 se skr\u00fdvaj\u00ed za n\u00e1zvy m\u00edst. Kn\u00ed\u017eka Pam\u011b\u0165 m\u011bsta &#8211; n\u00e1zvy m\u00edst vy\u0161la v mal\u00e9m n\u00e1kladu a je ji\u017e t\u00e9m\u011b\u0159 rozebran\u00e1, pl\u00e1nujeme ale dotisk v dal\u0161\u00edch letech.<\/p>\n<p><a href=\"\"http:\/\/projekty.osu.cz\/mistapameti\/wp-content\/uploads\/IMG_2694.jpg\"><img decoding=\"async\" src=\"http:\/\/projekty.osu.cz\/mistapameti\/wp-content\/uploads\/IMG_2694.jpg\" alt=\"K\u0159est kn\u00ed\u017eky Pam\u011b\u0165 m\u011bsta - n\u00e1zvy m\u00edst\" title=\"IMG_2694\" class=\"alignright size-full wp-image-191\" \/><\/a>K\u0159est kn\u00ed\u017eky Pam\u011b\u0165 m\u011bsta &#8211; n\u00e1zvy m\u00edst &#8211; vlevo dr. David, uprost\u0159ed p. Ko\u010d\u00ed\u0159ov\u00e1, vedle n\u00ed doc. Malura<\/p>\n<p><a href=\"http:\/\/projekty.osu.cz\/mistapameti\/wp-content\/uploads\/DSC06724.jpg\"><img loading=\"lazy\" decoding=\"async\" width=\"1280\" height=\"960\" src=\"http:\/\/projekty.osu.cz\/mistapameti\/wp-content\/uploads\/DSC06724.jpg\" alt=\"Vernis\u00e1\u017e v\u00fdstavy\" title=\"DSC06724\" class=\"alignright size-full wp-image-190\" srcset=\"https:\/\/mistapameti.osu.cz\/wp-content\/uploads\/DSC06724.jpg 1280w, https:\/\/mistapameti.osu.cz\/wp-content\/uploads\/DSC06724-300x225.jpg 300w, https:\/\/mistapameti.osu.cz\/wp-content\/uploads\/DSC06724-1024x768.jpg 1024w\" sizes=\"auto, (max-width: 1280px) 100vw, 1280px\" \/><\/a>Vernis\u00e1\u017e v\u00fdstavy<\/p>\n<p><a href=\"http:\/\/projekty.osu.cz\/mistapameti\/wp-content\/uploads\/DSC06773.jpg\"><img loading=\"lazy\" decoding=\"async\" width=\"1280\" height=\"960\" src=\"http:\/\/projekty.osu.cz\/mistapameti\/wp-content\/uploads\/DSC06773.jpg\" alt=\"Vernis\u00e1\u017e v\u00fdstavy\" title=\"DSC06773\" class=\"alignright size-full wp-image-189\" srcset=\"https:\/\/mistapameti.osu.cz\/wp-content\/uploads\/DSC06773.jpg 1280w, https:\/\/mistapameti.osu.cz\/wp-content\/uploads\/DSC06773-300x225.jpg 300w, https:\/\/mistapameti.osu.cz\/wp-content\/uploads\/DSC06773-1024x768.jpg 1024w\" sizes=\"auto, (max-width: 1280px) 100vw, 1280px\" \/><\/a>Vernis\u00e1\u017e v\u00fdstavy &#8211; hlavn\u00ed autor dr. Jaroslav David vpravo<\/p>\n","protected":false},"excerpt":{"rendered":"<p>V prostoru M\u011bstsk\u00e9 knihovny u mostu Milo\u0161e S\u00fdkory se dne 26. listopadu konala vernis\u00e1\u017e v\u00fdstavy spojen\u00e1 s k\u0159tem kn\u00ed\u017eky pojend\u00e1vaj\u00edc\u00ed o n\u00e1zvoslov\u00ed Ostravy. Vernis\u00e1\u017ee se z\u00fa\u010dastnil prod\u011bkan Filozofick\u00e9 fakulty Ostravsk\u00e9 univerzity doc. Jan Malura, v\u00edtkovick\u00e1 kronik\u00e1\u0159ka p. Ko\u010d\u00ed\u0159ov\u00e1 a n\u011bkolik &hellip; <a href=\"https:\/\/mistapameti.osu.cz\/?p=188\">Cel\u00fd p\u0159\u00edsp\u011bvek <span class=\"meta-nav\">&rarr;<\/span><\/a><\/p>\n","protected":false},"author":2,"featured_media":0,"comment_status":"closed","ping_status":"open","sticky":false,"template":"","format":"standard","meta":{"ngg_post_thumbnail":0,"footnotes":""},"categories":[1],"tags":[],"class_list":["post-188","post","type-post","status-publish","format-standard","hentry","category-uncategorized"],"_links":{"self":[{"href":"https:\/\/mistapameti.osu.cz\/index.php?rest_route=\/wp\/v2\/posts\/188","targetHints":{"allow":["GET"]}}],"collection":[{"href":"https:\/\/mistapameti.osu.cz\/index.php?rest_route=\/wp\/v2\/posts"}],"about":[{"href":"https:\/\/mistapameti.osu.cz\/index.php?rest_route=\/wp\/v2\/types\/post"}],"author":[{"embeddable":true,"href":"https:\/\/mistapameti.osu.cz\/index.php?rest_route=\/wp\/v2\/users\/2"}],"replies":[{"embeddable":true,"href":"https:\/\/mistapameti.osu.cz\/index.php?rest_route=%2Fwp%2Fv2%2Fcomments&post=188"}],"version-history":[{"count":15,"href":"https:\/\/mistapameti.osu.cz\/index.php?rest_route=\/wp\/v2\/posts\/188\/revisions"}],"predecessor-version":[{"id":208,"href":"https:\/\/mistapameti.osu.cz\/index.php?rest_route=\/wp\/v2\/posts\/188\/revisions\/208"}],"wp:attachment":[{"href":"https:\/\/mistapameti.osu.cz\/index.php?rest_route=%2Fwp%2Fv2%2Fmedia&parent=188"}],"wp:term":[{"taxonomy":"category","embeddable":true,"href":"https:\/\/mistapameti.osu.cz\/index.php?rest_route=%2Fwp%2Fv2%2Fcategories&post=188"},{"taxonomy":"post_tag","embeddable":true,"href":"https:\/\/mistapameti.osu.cz\/index.php?rest_route=%2Fwp%2Fv2%2Ftags&post=188"}],"curies":[{"name":"wp","href":"https:\/\/api.w.org\/{rel}","templated":true}]}}